{"id":7654,"date":"2026-04-30T15:17:59","date_gmt":"2026-04-30T13:17:59","guid":{"rendered":"https:\/\/www.maschseefest.de\/?p=7654"},"modified":"2026-04-30T15:17:59","modified_gmt":"2026-04-30T13:17:59","slug":"jetzt-die-diesjaehrige-foodmeile-entdecken","status":"publish","type":"post","link":"https:\/\/www.maschseefest.de\/cs\/jetzt-die-diesjaehrige-foodmeile-entdecken\/","title":{"rendered":"Objevte leto\u0161n\u00ed potravinovou m\u00edli!"},"content":{"rendered":"<p style=\"font-weight: 400;\">22. \u010dervence 2026 za\u010dne Maschseefest, kter\u00fd na 19 dn\u00ed prom\u011bn\u00ed jezero uprost\u0159ed Hannoveru v jednu z nejobl\u00edben\u011bj\u0161\u00edch promen\u00e1d a z\u00e1bavn\u00edch mil v N\u011bmecku. Nyn\u00ed byla dokon\u010dena tak\u00e9 potravinov\u00e1 m\u00edle - a poskytne \u010derstvou inspiraci v\u0161em, kte\u0159\u00ed cht\u011bj\u00ed za\u017e\u00edt kulin\u00e1\u0159skou rozmanitost p\u0159\u00edmo u vody.<\/p>\n<p style=\"font-weight: 400;\">Na severov\u00fdchodn\u00edm b\u0159ehu Rudolf-von-Bennigsen-Ufer a na z\u00e1padn\u00edm b\u0159ehu pod hotelem Courtyard se m\u016f\u017eete t\u011b\u0161it na pestrou nab\u00eddku: Celkem 16 st\u00e1nk\u016f nab\u00edz\u00ed j\u00eddlo \u201eza pochodu\u201c - od rychl\u00e9ho a nekomplikovan\u00e9ho a\u017e po p\u0159ekvapiv\u011b sofistikovan\u00e9.<\/p>\n<p style=\"font-weight: 400;\">Potravinov\u00e1 m\u00edle je ka\u017ed\u00fd rok znovu inzerov\u00e1na, a tak pravideln\u011b zaji\u0161\u0165uje rozmanitost. Vedle obl\u00edben\u00fdch klasik z minul\u00e9ho ro\u010dn\u00edku kladou letos zvl\u00e1\u0161tn\u00ed d\u016fraz \u010dty\u0159i nov\u00e9 koncepty na v\u00fdchodn\u00edm b\u0159ehu: nab\u00eddku roz\u0161i\u0159uj\u00ed vegansk\u00e9 speciality, panini, tacos a Maultaschen na cesty.<\/p>","protected":false},"excerpt":{"rendered":"<p>Am 22. Juli 2026 startet das Maschseefest und verwandelt den See mitten in Hannover f\u00fcr 19 Tage wieder in eine der beliebtesten Flanier- und Genussmeilen Deutschlands. Nun steht auch die Foodmeile fest \u2013 und bringt frische Impulse f\u00fcr alle, die kulinarische Vielfalt direkt am Wasser erleben m\u00f6chten. Entlang des Nordostufers am Rudolf-von-Bennigsen-Ufer sowie am Westufer [&hellip;]<\/p>\n","protected":false},"author":14,"featured_media":7426,"comment_status":"closed","ping_status":"open","sticky":false,"template":"","format":"standard","meta":{"footnotes":""},"categories":[1],"tags":[],"class_list":["post-7654","post","type-post","status-publish","format-standard","has-post-thumbnail","hentry","category-allgemein"],"_links":{"self":[{"href":"https:\/\/www.maschseefest.de\/cs\/wp-json\/wp\/v2\/posts\/7654","targetHints":{"allow":["GET"]}}],"collection":[{"href":"https:\/\/www.maschseefest.de\/cs\/wp-json\/wp\/v2\/posts"}],"about":[{"href":"https:\/\/www.maschseefest.de\/cs\/wp-json\/wp\/v2\/types\/post"}],"author":[{"embeddable":true,"href":"https:\/\/www.maschseefest.de\/cs\/wp-json\/wp\/v2\/users\/14"}],"replies":[{"embeddable":true,"href":"https:\/\/www.maschseefest.de\/cs\/wp-json\/wp\/v2\/comments?post=7654"}],"version-history":[{"count":2,"href":"https:\/\/www.maschseefest.de\/cs\/wp-json\/wp\/v2\/posts\/7654\/revisions"}],"predecessor-version":[{"id":7656,"href":"https:\/\/www.maschseefest.de\/cs\/wp-json\/wp\/v2\/posts\/7654\/revisions\/7656"}],"wp:featuredmedia":[{"embeddable":true,"href":"https:\/\/www.maschseefest.de\/cs\/wp-json\/wp\/v2\/media\/7426"}],"wp:attachment":[{"href":"https:\/\/www.maschseefest.de\/cs\/wp-json\/wp\/v2\/media?parent=7654"}],"wp:term":[{"taxonomy":"category","embeddable":true,"href":"https:\/\/www.maschseefest.de\/cs\/wp-json\/wp\/v2\/categories?post=7654"},{"taxonomy":"post_tag","embeddable":true,"href":"https:\/\/www.maschseefest.de\/cs\/wp-json\/wp\/v2\/tags?post=7654"}],"curies":[{"name":"wp","href":"https:\/\/api.w.org\/{rel}","templated":true}]}}