{"id":7654,"date":"2026-04-30T15:17:59","date_gmt":"2026-04-30T13:17:59","guid":{"rendered":"https:\/\/www.maschseefest.de\/?p=7654"},"modified":"2026-04-30T15:17:59","modified_gmt":"2026-04-30T13:17:59","slug":"jetzt-die-diesjaehrige-foodmeile-entdecken","status":"publish","type":"post","link":"https:\/\/www.maschseefest.de\/da\/jetzt-die-diesjaehrige-foodmeile-entdecken\/","title":{"rendered":"Oplev \u00e5rets madmile nu!"},"content":{"rendered":"<p style=\"font-weight: 400;\">Den 22. juli 2026 starter Maschseefest, som i 19 dage forvandler s\u00f8en midt i Hannover til en af Tysklands mest popul\u00e6re promenader og forn\u00f8jelsesmejerier. Madmilen er nu ogs\u00e5 p\u00e5 plads - og vil give ny inspiration til alle dem, der gerne vil opleve kulinarisk mangfoldighed lige ved vandet.<\/p>\n<p style=\"font-weight: 400;\">Langs den nord\u00f8stlige bred p\u00e5 Rudolf-von-Bennigsen-Ufer og p\u00e5 den vestlige bred nedenfor Courtyard Hotel kan du forvente et varieret udbud: I alt 16 boder tilbyder mad \u201ep\u00e5 farten\u201c - fra hurtig og ukompliceret til overraskende sofistikeret.<\/p>\n<p style=\"font-weight: 400;\">F\u00f8devaremilen bliver annonceret p\u00e5 ny hvert \u00e5r og byder derfor j\u00e6vnligt p\u00e5 variation. Ud over de popul\u00e6re klassikere fra \u00e5ret f\u00f8r s\u00e6tter fire nye koncepter p\u00e5 \u00f8stbredden s\u00e6rlige accenter i \u00e5r: veganske specialiteter, panini, tacos og Maultaschen til p\u00e5 farten udvider udbuddet.<\/p>","protected":false},"excerpt":{"rendered":"<p>Am 22. Juli 2026 startet das Maschseefest und verwandelt den See mitten in Hannover f\u00fcr 19 Tage wieder in eine der beliebtesten Flanier- und Genussmeilen Deutschlands. Nun steht auch die Foodmeile fest \u2013 und bringt frische Impulse f\u00fcr alle, die kulinarische Vielfalt direkt am Wasser erleben m\u00f6chten. Entlang des Nordostufers am Rudolf-von-Bennigsen-Ufer sowie am Westufer [&hellip;]<\/p>\n","protected":false},"author":14,"featured_media":7426,"comment_status":"closed","ping_status":"open","sticky":false,"template":"","format":"standard","meta":{"footnotes":""},"categories":[1],"tags":[],"class_list":["post-7654","post","type-post","status-publish","format-standard","has-post-thumbnail","hentry","category-allgemein"],"_links":{"self":[{"href":"https:\/\/www.maschseefest.de\/da\/wp-json\/wp\/v2\/posts\/7654","targetHints":{"allow":["GET"]}}],"collection":[{"href":"https:\/\/www.maschseefest.de\/da\/wp-json\/wp\/v2\/posts"}],"about":[{"href":"https:\/\/www.maschseefest.de\/da\/wp-json\/wp\/v2\/types\/post"}],"author":[{"embeddable":true,"href":"https:\/\/www.maschseefest.de\/da\/wp-json\/wp\/v2\/users\/14"}],"replies":[{"embeddable":true,"href":"https:\/\/www.maschseefest.de\/da\/wp-json\/wp\/v2\/comments?post=7654"}],"version-history":[{"count":2,"href":"https:\/\/www.maschseefest.de\/da\/wp-json\/wp\/v2\/posts\/7654\/revisions"}],"predecessor-version":[{"id":7656,"href":"https:\/\/www.maschseefest.de\/da\/wp-json\/wp\/v2\/posts\/7654\/revisions\/7656"}],"wp:featuredmedia":[{"embeddable":true,"href":"https:\/\/www.maschseefest.de\/da\/wp-json\/wp\/v2\/media\/7426"}],"wp:attachment":[{"href":"https:\/\/www.maschseefest.de\/da\/wp-json\/wp\/v2\/media?parent=7654"}],"wp:term":[{"taxonomy":"category","embeddable":true,"href":"https:\/\/www.maschseefest.de\/da\/wp-json\/wp\/v2\/categories?post=7654"},{"taxonomy":"post_tag","embeddable":true,"href":"https:\/\/www.maschseefest.de\/da\/wp-json\/wp\/v2\/tags?post=7654"}],"curies":[{"name":"wp","href":"https:\/\/api.w.org\/{rel}","templated":true}]}}