{"id":7654,"date":"2026-04-30T15:17:59","date_gmt":"2026-04-30T13:17:59","guid":{"rendered":"https:\/\/www.maschseefest.de\/?p=7654"},"modified":"2026-04-30T15:17:59","modified_gmt":"2026-04-30T13:17:59","slug":"jetzt-die-diesjaehrige-foodmeile-entdecken","status":"publish","type":"post","link":"https:\/\/www.maschseefest.de\/es\/jetzt-die-diesjaehrige-foodmeile-entdecken\/","title":{"rendered":"Descubra ya la milla de la alimentaci\u00f3n de este a\u00f1o"},"content":{"rendered":"<p style=\"font-weight: 400;\">El 22 de julio de 2026 dar\u00e1 comienzo la Maschseefest, que durante 19 d\u00edas transformar\u00e1 el lago situado en el centro de Hannover en uno de los paseos y millas del placer m\u00e1s populares de Alemania. La \"milla gastron\u00f3mica\" ya est\u00e1 lista y servir\u00e1 de inspiraci\u00f3n para todos aquellos que quieran disfrutar de la diversidad culinaria junto al agua.<\/p>\n<p style=\"font-weight: 400;\">A lo largo de la orilla noreste, en Rudolf-von-Bennigsen-Ufer, y en la orilla oeste, bajo el Hotel Courtyard, la oferta es variada: Un total de 16 puestos ofrecen comida \u201epara llevar\u201c, desde r\u00e1pida y sencilla hasta sorprendentemente sofisticada.<\/p>\n<p style=\"font-weight: 400;\">La milla de la comida se vuelve a anunciar cada a\u00f1o, por lo que ofrece variedad con regularidad. Adem\u00e1s de los cl\u00e1sicos populares del a\u00f1o anterior, cuatro nuevos conceptos en la orilla este ponen acentos especiales este a\u00f1o: especialidades veganas, panini, tacos y Maultaschen para llevar ampl\u00edan la oferta.<\/p>","protected":false},"excerpt":{"rendered":"<p>Am 22. Juli 2026 startet das Maschseefest und verwandelt den See mitten in Hannover f\u00fcr 19 Tage wieder in eine der beliebtesten Flanier- und Genussmeilen Deutschlands. Nun steht auch die Foodmeile fest \u2013 und bringt frische Impulse f\u00fcr alle, die kulinarische Vielfalt direkt am Wasser erleben m\u00f6chten. Entlang des Nordostufers am Rudolf-von-Bennigsen-Ufer sowie am Westufer [&hellip;]<\/p>\n","protected":false},"author":14,"featured_media":7426,"comment_status":"closed","ping_status":"open","sticky":false,"template":"","format":"standard","meta":{"footnotes":""},"categories":[1],"tags":[],"class_list":["post-7654","post","type-post","status-publish","format-standard","has-post-thumbnail","hentry","category-allgemein"],"_links":{"self":[{"href":"https:\/\/www.maschseefest.de\/es\/wp-json\/wp\/v2\/posts\/7654","targetHints":{"allow":["GET"]}}],"collection":[{"href":"https:\/\/www.maschseefest.de\/es\/wp-json\/wp\/v2\/posts"}],"about":[{"href":"https:\/\/www.maschseefest.de\/es\/wp-json\/wp\/v2\/types\/post"}],"author":[{"embeddable":true,"href":"https:\/\/www.maschseefest.de\/es\/wp-json\/wp\/v2\/users\/14"}],"replies":[{"embeddable":true,"href":"https:\/\/www.maschseefest.de\/es\/wp-json\/wp\/v2\/comments?post=7654"}],"version-history":[{"count":2,"href":"https:\/\/www.maschseefest.de\/es\/wp-json\/wp\/v2\/posts\/7654\/revisions"}],"predecessor-version":[{"id":7656,"href":"https:\/\/www.maschseefest.de\/es\/wp-json\/wp\/v2\/posts\/7654\/revisions\/7656"}],"wp:featuredmedia":[{"embeddable":true,"href":"https:\/\/www.maschseefest.de\/es\/wp-json\/wp\/v2\/media\/7426"}],"wp:attachment":[{"href":"https:\/\/www.maschseefest.de\/es\/wp-json\/wp\/v2\/media?parent=7654"}],"wp:term":[{"taxonomy":"category","embeddable":true,"href":"https:\/\/www.maschseefest.de\/es\/wp-json\/wp\/v2\/categories?post=7654"},{"taxonomy":"post_tag","embeddable":true,"href":"https:\/\/www.maschseefest.de\/es\/wp-json\/wp\/v2\/tags?post=7654"}],"curies":[{"name":"wp","href":"https:\/\/api.w.org\/{rel}","templated":true}]}}