{"id":4230,"date":"2024-07-16T15:22:11","date_gmt":"2024-07-16T13:22:11","guid":{"rendered":"http:\/\/web5.s149.goserver.host\/?p=4230"},"modified":"2026-04-21T16:52:02","modified_gmt":"2026-04-21T14:52:02","slug":"schiff-ahoi-mit-den-maschseepiraten","status":"publish","type":"post","link":"https:\/\/www.maschseefest.de\/it\/schiff-ahoi-mit-den-maschseepiraten\/","title":{"rendered":"Assicuratevi subito gli ultimi biglietti: \"Ship ahoy\" con i Maschseepiraten"},"content":{"rendered":"<div data-elementor-type=\"wp-post\" data-elementor-id=\"4230\" class=\"elementor elementor-4230\" data-elementor-post-type=\"post\">\n\t\t\t\t<div class=\"elementor-element elementor-element-b23fb81 e-flex e-con-boxed e-con e-parent\" data-id=\"b23fb81\" data-element_type=\"container\" data-e-type=\"container\">\n\t\t\t\t\t<div class=\"e-con-inner\">\n\t\t\t\t<div class=\"elementor-element elementor-element-75380fb elementor-widget elementor-widget-heading\" data-id=\"75380fb\" data-element_type=\"widget\" data-e-type=\"widget\" data-widget_type=\"heading.default\">\n\t\t\t\t<div class=\"elementor-widget-container\">\n\t\t\t\t\t<h3 class=\"elementor-heading-title elementor-size-default\">Sono iniziate le prenotazioni! I famosi pirati tornano sul Maschsee il gioved\u00ec e il marted\u00ec<\/h3>\t\t\t\t<\/div>\n\t\t\t\t<\/div>\n\t\t\t\t<div class=\"elementor-element elementor-element-78b5456 elementor-widget elementor-widget-heading\" data-id=\"78b5456\" data-element_type=\"widget\" data-e-type=\"widget\" data-widget_type=\"heading.default\">\n\t\t\t\t<div class=\"elementor-widget-container\">\n\t\t\t\t\t<h3 class=\"elementor-heading-title elementor-size-default\">Nave a bordo!<\/h3>\t\t\t\t<\/div>\n\t\t\t\t<\/div>\n\t\t\t\t<div class=\"elementor-element elementor-element-26c56dd elementor-widget elementor-widget-text-editor\" data-id=\"26c56dd\" data-element_type=\"widget\" data-e-type=\"widget\" data-widget_type=\"text-editor.default\">\n\t\t\t\t<div class=\"elementor-widget-container\">\n\t\t\t\t\t\t\t\t\t<div class=\"content-content embed-articles editor-content article-full-view-main-text ezrichtext-field\"><p class=\"emark\">I famosi pirati tornano finalmente sul Maschsee il gioved\u00ec e il marted\u00ec durante la Maschseefest 2026.<\/p><p class=\"emark\">Il capitano Zopf (Elisa Salamanca) non vede l'ora di vivere nuove avventure con il ragazzo della nave Mathjes (Mathias L\u00fcck) e il clandestino Clown Fidolo (Horst Schneider) e di inventare ogni genere di sciocchezze piratesche, risolvere gli strani indovinelli oceanici e tessere ogni sorta di filastrocca da marinaio. Insieme al pappagallo Bounty, alle jennies pirata e al timoniere Achim dell'\u00dcSTRA, salpano, cantano stravaganti canzoni piratesche e, con un po' di fortuna, trovano anche la chiave del forziere. Con loro c'\u00e8 sempre un borsone pieno di musica.<\/p><p class=\"emark\">Un grande spettacolo di teatro marino musicale per bambini dai 4 ai 10 anni, molto divertente anche per i genitori o i nonni che lo accompagnano!<\/p><p class=\"emark\">Spese di viaggio: bambini e adulti \u20ac 7,50 pi\u00f9 spese di prenotazione.<\/p><p class=\"emark\"><span style=\"text-decoration: underline;\">I biglietti sono disponibili solo online.<\/span> Eventuali biglietti rimanenti: il giorno in questione dalle ore 13.30 direttamente all'imbarcadero dello stadio.<\/p><h4 class=\"header-h4 emark standard\"><span style=\"text-decoration: underline;\"><strong><a title=\"\" href=\"https:\/\/maschseepiraten.ticket2go.de\" target=\"_blank\" rel=\"noopener\">Clicca qui per acquistare i biglietti!<\/a><\/strong><\/span><\/h4><\/div>\t\t\t\t\t\t\t\t<\/div>\n\t\t\t\t<\/div>\n\t\t\t\t<div class=\"elementor-element elementor-element-dfd9f4b elementor-widget elementor-widget-gallery\" data-id=\"dfd9f4b\" data-element_type=\"widget\" data-e-type=\"widget\" data-settings=\"{&quot;columns&quot;:2,&quot;lazyload&quot;:&quot;yes&quot;,&quot;gallery_layout&quot;:&quot;grid&quot;,&quot;columns_tablet&quot;:2,&quot;columns_mobile&quot;:1,&quot;gap&quot;:{&quot;unit&quot;:&quot;px&quot;,&quot;size&quot;:10,&quot;sizes&quot;:[]},&quot;gap_tablet&quot;:{&quot;unit&quot;:&quot;px&quot;,&quot;size&quot;:10,&quot;sizes&quot;:[]},&quot;gap_mobile&quot;:{&quot;unit&quot;:&quot;px&quot;,&quot;size&quot;:10,&quot;sizes&quot;:[]},&quot;link_to&quot;:&quot;file&quot;,&quot;aspect_ratio&quot;:&quot;3:2&quot;,&quot;overlay_background&quot;:&quot;yes&quot;,&quot;content_hover_animation&quot;:&quot;fade-in&quot;}\" data-widget_type=\"gallery.default\">\n\t\t\t\t<div class=\"elementor-widget-container\">\n\t\t\t\t\t\t\t<div class=\"elementor-gallery__container\">\n\t\t\t\t\t\t\t<a class=\"e-gallery-item elementor-gallery-item elementor-animated-content\" href=\"https:\/\/www.maschseefest.de\/wp-content\/uploads\/2024\/07\/1-Maschseepiraten.jpg\" data-elementor-open-lightbox=\"yes\" data-elementor-lightbox-slideshow=\"dfd9f4b\" data-elementor-lightbox-title=\"Maschseepiraten\" data-e-action-hash=\"#elementor-action%3Aaction%3Dlightbox%26settings%3DeyJpZCI6MzQ0MSwidXJsIjoiaHR0cHM6XC9cL3d3dy5tYXNjaHNlZWZlc3QuZGVcL3dwLWNvbnRlbnRcL3VwbG9hZHNcLzIwMjRcLzA3XC8xLU1hc2Noc2VlcGlyYXRlbi5qcGciLCJzbGlkZXNob3ciOiJkZmQ5ZjRiIn0%3D\">\n\t\t\t\t\t<div class=\"e-gallery-image elementor-gallery-item__image\" data-thumbnail=\"https:\/\/www.maschseefest.de\/wp-content\/uploads\/2024\/07\/1-Maschseepiraten.jpg\" data-width=\"1799\" data-height=\"899\" aria-label=\"I pirati del lago di Garda\" role=\"img\" ><\/div>\n\t\t\t\t\t\t\t\t\t\t\t<div class=\"elementor-gallery-item__overlay\"><\/div>\n\t\t\t\t\t\t\t\t\t\t\t\t\t\t<\/a>\n\t\t\t\t\t\t\t<a class=\"e-gallery-item elementor-gallery-item elementor-animated-content\" href=\"https:\/\/www.maschseefest.de\/wp-content\/uploads\/2024\/07\/Maschseepiraten-Pano.jpg\" data-elementor-open-lightbox=\"yes\" data-elementor-lightbox-slideshow=\"dfd9f4b\" data-elementor-lightbox-title=\"Maschseepiraten\" data-e-action-hash=\"#elementor-action%3Aaction%3Dlightbox%26settings%3DeyJpZCI6MzA3MCwidXJsIjoiaHR0cHM6XC9cL3d3dy5tYXNjaHNlZWZlc3QuZGVcL3dwLWNvbnRlbnRcL3VwbG9hZHNcLzIwMjRcLzA3XC9NYXNjaHNlZXBpcmF0ZW4tUGFuby5qcGciLCJzbGlkZXNob3ciOiJkZmQ5ZjRiIn0%3D\">\n\t\t\t\t\t<div class=\"e-gallery-image elementor-gallery-item__image\" data-thumbnail=\"https:\/\/www.maschseefest.de\/wp-content\/uploads\/2024\/07\/Maschseepiraten-Pano.jpg\" data-width=\"2000\" data-height=\"1000\" aria-label=\"\" role=\"img\" ><\/div>\n\t\t\t\t\t\t\t\t\t\t\t<div class=\"elementor-gallery-item__overlay\"><\/div>\n\t\t\t\t\t\t\t\t\t\t\t\t\t\t<\/a>\n\t\t\t\t\t<\/div>\n\t\t\t\t\t<\/div>\n\t\t\t\t<\/div>\n\t\t\t\t<div class=\"elementor-element elementor-element-8cb95ce elementor-widget elementor-widget-spacer\" data-id=\"8cb95ce\" data-element_type=\"widget\" data-e-type=\"widget\" data-widget_type=\"spacer.default\">\n\t\t\t\t<div class=\"elementor-widget-container\">\n\t\t\t\t\t\t\t<div class=\"elementor-spacer\">\n\t\t\t<div class=\"elementor-spacer-inner\"><\/div>\n\t\t<\/div>\n\t\t\t\t\t\t<\/div>\n\t\t\t\t<\/div>\n\t\t\t\t<div class=\"elementor-element elementor-element-786c736 elementor-widget elementor-widget-text-editor\" data-id=\"786c736\" data-element_type=\"widget\" data-e-type=\"widget\" data-widget_type=\"text-editor.default\">\n\t\t\t\t<div class=\"elementor-widget-container\">\n\t\t\t\t\t\t\t\t\t<div class=\"content-content embed-articles editor-content article-full-view-main-text ezrichtext-field\"><h4 class=\"header-h1 emark standard\">Partenza di Maschseepiraten dal molo \"Stadion\" sulla riva nord<\/h4><ul><li class=\"table-responsive\">28.07.2026 \/\/ 14:00 \/ 15:00 \/ 16:00<\/li><li>30.07.2026 \/\/ 14:00 \/ 15:00 \/ 16:00<\/li><li>04.08.2026 \/\/ 14:00 \/ 15:00 \/ 16:00<\/li><li>06.08.2026 \/\/ 14:00 \/ 15:00 \/ 16:00<\/li><\/ul><\/div>\t\t\t\t\t\t\t\t<\/div>\n\t\t\t\t<\/div>\n\t\t\t\t\t<\/div>\n\t\t\t\t<\/div>\n\t\t\t\t<\/div>","protected":false},"excerpt":{"rendered":"<p>Der Vorverkauf hat begonnen! Die beliebten Piraten sind wieder donnerstags und dienstags auf dem Maschsee unterwegs Schiff ahoi! Endlich sind die beliebten Piraten w\u00e4hrend des Maschseefests 2026 wieder donnerstags und dienstags auf dem Maschsee unterwegs. K\u00e4ptin Zopf (Elisa Salamanca) freut sich mit dem Schiffsjungen Mathjes (Mathias L\u00fcck) und dem blinden Passagier Clown Fidolo (Horst Schneider) [&hellip;]<\/p>\n","protected":false},"author":4,"featured_media":3070,"comment_status":"open","ping_status":"open","sticky":false,"template":"","format":"standard","meta":{"footnotes":""},"categories":[1],"tags":[],"class_list":["post-4230","post","type-post","status-publish","format-standard","has-post-thumbnail","hentry","category-allgemein"],"_links":{"self":[{"href":"https:\/\/www.maschseefest.de\/it\/wp-json\/wp\/v2\/posts\/4230","targetHints":{"allow":["GET"]}}],"collection":[{"href":"https:\/\/www.maschseefest.de\/it\/wp-json\/wp\/v2\/posts"}],"about":[{"href":"https:\/\/www.maschseefest.de\/it\/wp-json\/wp\/v2\/types\/post"}],"author":[{"embeddable":true,"href":"https:\/\/www.maschseefest.de\/it\/wp-json\/wp\/v2\/users\/4"}],"replies":[{"embeddable":true,"href":"https:\/\/www.maschseefest.de\/it\/wp-json\/wp\/v2\/comments?post=4230"}],"version-history":[{"count":28,"href":"https:\/\/www.maschseefest.de\/it\/wp-json\/wp\/v2\/posts\/4230\/revisions"}],"predecessor-version":[{"id":7639,"href":"https:\/\/www.maschseefest.de\/it\/wp-json\/wp\/v2\/posts\/4230\/revisions\/7639"}],"wp:featuredmedia":[{"embeddable":true,"href":"https:\/\/www.maschseefest.de\/it\/wp-json\/wp\/v2\/media\/3070"}],"wp:attachment":[{"href":"https:\/\/www.maschseefest.de\/it\/wp-json\/wp\/v2\/media?parent=4230"}],"wp:term":[{"taxonomy":"category","embeddable":true,"href":"https:\/\/www.maschseefest.de\/it\/wp-json\/wp\/v2\/categories?post=4230"},{"taxonomy":"post_tag","embeddable":true,"href":"https:\/\/www.maschseefest.de\/it\/wp-json\/wp\/v2\/tags?post=4230"}],"curies":[{"name":"wp","href":"https:\/\/api.w.org\/{rel}","templated":true}]}}