{"id":7654,"date":"2026-04-30T15:17:59","date_gmt":"2026-04-30T13:17:59","guid":{"rendered":"https:\/\/www.maschseefest.de\/?p=7654"},"modified":"2026-04-30T15:17:59","modified_gmt":"2026-04-30T13:17:59","slug":"jetzt-die-diesjaehrige-foodmeile-entdecken","status":"publish","type":"post","link":"https:\/\/www.maschseefest.de\/it\/jetzt-die-diesjaehrige-foodmeile-entdecken\/","title":{"rendered":"Scoprite subito il miglio alimentare di quest'anno!"},"content":{"rendered":"<p style=\"font-weight: 400;\">Il 22 luglio 2026 inizier\u00e0 la Maschseefest, che per 19 giorni trasformer\u00e0 il lago al centro di Hannover in una delle passeggiate e dei percorsi di piacere pi\u00f9 popolari della Germania. Anche il percorso gastronomico \u00e8 stato ultimato e fornir\u00e0 nuove ispirazioni a tutti coloro che desiderano sperimentare la diversit\u00e0 culinaria proprio in riva al lago.<\/p>\n<p style=\"font-weight: 400;\">Lungo la riva nord-est sul Rudolf-von-Bennigsen-Ufer e sulla riva ovest sotto il Courtyard Hotel, l'offerta \u00e8 varia: Un totale di 16 bancarelle offrono cibo \u201eon the go\u201c, da quello veloce e semplice a quello sorprendentemente sofisticato.<\/p>\n<p style=\"font-weight: 400;\">Il percorso gastronomico viene ripubblicato ogni anno e quindi offre regolarmente una variet\u00e0. Oltre ai classici popolari dell'anno precedente, quest'anno quattro nuovi concetti sulla sponda orientale hanno posto un accento particolare: specialit\u00e0 vegane, panini, tacos e Maultaschen da portare in viaggio ampliano l'offerta.<\/p>","protected":false},"excerpt":{"rendered":"<p>Am 22. Juli 2026 startet das Maschseefest und verwandelt den See mitten in Hannover f\u00fcr 19 Tage wieder in eine der beliebtesten Flanier- und Genussmeilen Deutschlands. Nun steht auch die Foodmeile fest \u2013 und bringt frische Impulse f\u00fcr alle, die kulinarische Vielfalt direkt am Wasser erleben m\u00f6chten. Entlang des Nordostufers am Rudolf-von-Bennigsen-Ufer sowie am Westufer [&hellip;]<\/p>\n","protected":false},"author":14,"featured_media":7426,"comment_status":"closed","ping_status":"open","sticky":false,"template":"","format":"standard","meta":{"footnotes":""},"categories":[1],"tags":[],"class_list":["post-7654","post","type-post","status-publish","format-standard","has-post-thumbnail","hentry","category-allgemein"],"_links":{"self":[{"href":"https:\/\/www.maschseefest.de\/it\/wp-json\/wp\/v2\/posts\/7654","targetHints":{"allow":["GET"]}}],"collection":[{"href":"https:\/\/www.maschseefest.de\/it\/wp-json\/wp\/v2\/posts"}],"about":[{"href":"https:\/\/www.maschseefest.de\/it\/wp-json\/wp\/v2\/types\/post"}],"author":[{"embeddable":true,"href":"https:\/\/www.maschseefest.de\/it\/wp-json\/wp\/v2\/users\/14"}],"replies":[{"embeddable":true,"href":"https:\/\/www.maschseefest.de\/it\/wp-json\/wp\/v2\/comments?post=7654"}],"version-history":[{"count":2,"href":"https:\/\/www.maschseefest.de\/it\/wp-json\/wp\/v2\/posts\/7654\/revisions"}],"predecessor-version":[{"id":7656,"href":"https:\/\/www.maschseefest.de\/it\/wp-json\/wp\/v2\/posts\/7654\/revisions\/7656"}],"wp:featuredmedia":[{"embeddable":true,"href":"https:\/\/www.maschseefest.de\/it\/wp-json\/wp\/v2\/media\/7426"}],"wp:attachment":[{"href":"https:\/\/www.maschseefest.de\/it\/wp-json\/wp\/v2\/media?parent=7654"}],"wp:term":[{"taxonomy":"category","embeddable":true,"href":"https:\/\/www.maschseefest.de\/it\/wp-json\/wp\/v2\/categories?post=7654"},{"taxonomy":"post_tag","embeddable":true,"href":"https:\/\/www.maschseefest.de\/it\/wp-json\/wp\/v2\/tags?post=7654"}],"curies":[{"name":"wp","href":"https:\/\/api.w.org\/{rel}","templated":true}]}}