{"id":7654,"date":"2026-04-30T15:17:59","date_gmt":"2026-04-30T13:17:59","guid":{"rendered":"https:\/\/www.maschseefest.de\/?p=7654"},"modified":"2026-04-30T15:17:59","modified_gmt":"2026-04-30T13:17:59","slug":"jetzt-die-diesjaehrige-foodmeile-entdecken","status":"publish","type":"post","link":"https:\/\/www.maschseefest.de\/pl\/jetzt-die-diesjaehrige-foodmeile-entdecken\/","title":{"rendered":"Odkryj tegoroczn\u0105 food mil\u0119 ju\u017c teraz!"},"content":{"rendered":"<p style=\"font-weight: 400;\">22 lipca 2026 r. rozpocznie si\u0119 Maschseefest, kt\u00f3ry na 19 dni przekszta\u0142ci jezioro w centrum Hanoweru w jedn\u0105 z najpopularniejszych promenad i tras rekreacyjnych w Niemczech. Sfinalizowana zosta\u0142a r\u00f3wnie\u017c trasa gastronomiczna, kt\u00f3ra dostarczy \u015bwie\u017cych inspiracji wszystkim tym, kt\u00f3rzy chc\u0105 do\u015bwiadczy\u0107 kulinarnej r\u00f3\u017cnorodno\u015bci tu\u017c nad wod\u0105.<\/p>\n<p style=\"font-weight: 400;\">Wzd\u0142u\u017c p\u00f3\u0142nocno-wschodniego brzegu przy Rudolf-von-Bennigsen-Ufer i na zachodnim brzegu poni\u017cej hotelu Courtyard mo\u017cna spodziewa\u0107 si\u0119 zr\u00f3\u017cnicowanej oferty: \u0141\u0105cznie 16 stoisk oferuje jedzenie \u201ena wynos\u201c - od szybkiego i nieskomplikowanego po zaskakuj\u0105co wyrafinowane.<\/p>\n<p style=\"font-weight: 400;\">Food Mile jest og\u0142aszany co roku, dzi\u0119ki czemu regularnie zapewnia r\u00f3\u017cnorodno\u015b\u0107. Opr\u00f3cz popularnych klasyk\u00f3w z poprzedniego roku, cztery nowe koncepcje na wschodnim brzegu postawi\u0142y w tym roku specjalne akcenty: wega\u0144skie specja\u0142y, panini, tacos i Maultaschen na wynos poszerzaj\u0105 ofert\u0119.<\/p>","protected":false},"excerpt":{"rendered":"<p>Am 22. Juli 2026 startet das Maschseefest und verwandelt den See mitten in Hannover f\u00fcr 19 Tage wieder in eine der beliebtesten Flanier- und Genussmeilen Deutschlands. Nun steht auch die Foodmeile fest \u2013 und bringt frische Impulse f\u00fcr alle, die kulinarische Vielfalt direkt am Wasser erleben m\u00f6chten. Entlang des Nordostufers am Rudolf-von-Bennigsen-Ufer sowie am Westufer [&hellip;]<\/p>\n","protected":false},"author":14,"featured_media":7426,"comment_status":"closed","ping_status":"open","sticky":false,"template":"","format":"standard","meta":{"footnotes":""},"categories":[1],"tags":[],"class_list":["post-7654","post","type-post","status-publish","format-standard","has-post-thumbnail","hentry","category-allgemein"],"_links":{"self":[{"href":"https:\/\/www.maschseefest.de\/pl\/wp-json\/wp\/v2\/posts\/7654","targetHints":{"allow":["GET"]}}],"collection":[{"href":"https:\/\/www.maschseefest.de\/pl\/wp-json\/wp\/v2\/posts"}],"about":[{"href":"https:\/\/www.maschseefest.de\/pl\/wp-json\/wp\/v2\/types\/post"}],"author":[{"embeddable":true,"href":"https:\/\/www.maschseefest.de\/pl\/wp-json\/wp\/v2\/users\/14"}],"replies":[{"embeddable":true,"href":"https:\/\/www.maschseefest.de\/pl\/wp-json\/wp\/v2\/comments?post=7654"}],"version-history":[{"count":2,"href":"https:\/\/www.maschseefest.de\/pl\/wp-json\/wp\/v2\/posts\/7654\/revisions"}],"predecessor-version":[{"id":7656,"href":"https:\/\/www.maschseefest.de\/pl\/wp-json\/wp\/v2\/posts\/7654\/revisions\/7656"}],"wp:featuredmedia":[{"embeddable":true,"href":"https:\/\/www.maschseefest.de\/pl\/wp-json\/wp\/v2\/media\/7426"}],"wp:attachment":[{"href":"https:\/\/www.maschseefest.de\/pl\/wp-json\/wp\/v2\/media?parent=7654"}],"wp:term":[{"taxonomy":"category","embeddable":true,"href":"https:\/\/www.maschseefest.de\/pl\/wp-json\/wp\/v2\/categories?post=7654"},{"taxonomy":"post_tag","embeddable":true,"href":"https:\/\/www.maschseefest.de\/pl\/wp-json\/wp\/v2\/tags?post=7654"}],"curies":[{"name":"wp","href":"https:\/\/api.w.org\/{rel}","templated":true}]}}