{"id":4711,"date":"2025-05-01T16:10:40","date_gmt":"2025-05-01T14:10:40","guid":{"rendered":"https:\/\/www.maschseefest.de\/?p=4711"},"modified":"2026-03-16T11:50:30","modified_gmt":"2026-03-16T10:50:30","slug":"sichert-euch-jetzt-euren-platz-am-wasser","status":"publish","type":"post","link":"https:\/\/www.maschseefest.de\/tr\/sichert-euch-jetzt-euren-platz-am-wasser\/","title":{"rendered":"Sudaki yerinizi \u015fimdi ay\u0131rt\u0131n!"},"content":{"rendered":"<h3>D\u00fcnyan\u0131n d\u00f6rt bir yan\u0131ndan lezzetler<\/h3>\n<p>Do\u011fu'dan Meksika'ya, Asya'dan Yunan'a ve Hansa'ya kadar uluslararas\u0131 gastronomi - se\u00e7kin, egzotik, ev tarz\u0131 ve \"ayak\u00fcst\u00fc\" - konuklar\u0131 d\u00fcnya \u00e7ap\u0131nda bir mutfak yolculu\u011funa \u00e7\u0131kar\u0131yor. Maschseefest 2026'daki t\u00fcm yiyecek i\u00e7ecek se\u00e7eneklerini \u015fu adreste bulabilirsiniz <a href=\"https:\/\/www.maschseefest.de\/tr\/gastronomie\/\"><strong>maschseefest.de\/gastronomy\/<\/strong><\/a>.<\/p>\n<p>4.000'den fazla koltuk, masa rezervasyonlar\u0131 art\u0131k m\u00fcmk\u00fcn Maschsee \u00e7evresindeki bir\u00e7ok restoran, festivalin 19 g\u00fcn\u00fc boyunca \u015farap \u00fcreticisi ak\u015famlar\u0131, tad\u0131mlar, Pazar brunchlar\u0131 ve \u00f6zel temal\u0131 ak\u015famlar gibi \u00f6zel etkinlikler sunacak. Su kenar\u0131ndaki yerinizi buradan ay\u0131rtabilirsiniz: <a href=\"https:\/\/www.maschseefest.de\/tr\/reservierungen\/\"><em><strong>Maschseefest i\u00e7in masa rezervasyonu<\/strong><\/em><\/a><\/p>\n<p><a href=\"https:\/\/www.maschseefest.de\/wp-content\/uploads\/2024\/06\/Tulum-24-scaled.jpg\" data-elementor-open-lightbox=\"yes\" data-elementor-lightbox-slideshow=\"3b9ab24\" data-elementor-lightbox-title=\"Tulum\" data-e-action-hash=\"#elementor-action%3Aaction%3Dlightbox%26settings%3DeyJpZCI6NjAyMywidXJsIjoiaHR0cHM6XC9cL3d3dy5tYXNjaHNlZWZlc3QuZGVcL3dwLWNvbnRlbnRcL3VwbG9hZHNcLzIwMjRcLzA2XC9UdWx1bS0yNC1zY2FsZWQuanBnIiwic2xpZGVzaG93IjoiM2I5YWIyNCJ9\"><br \/>\n<\/a><br \/>\n<a href=\"https:\/\/www.maschseefest.de\/wp-content\/uploads\/2025\/04\/Essen.jpg\" data-elementor-open-lightbox=\"yes\" data-elementor-lightbox-slideshow=\"3b9ab24\" data-elementor-lightbox-title=\"Ohana Beach\" data-elementor-lightbox-description=\"Ohana Beach\" data-e-action-hash=\"#elementor-action%3Aaction%3Dlightbox%26settings%3DeyJpZCI6NTk3OSwidXJsIjoiaHR0cHM6XC9cL3d3dy5tYXNjaHNlZWZlc3QuZGVcL3dwLWNvbnRlbnRcL3VwbG9hZHNcLzIwMjVcLzA0XC9Fc3Nlbi5qcGciLCJzbGlkZXNob3ciOiIzYjlhYjI0In0%3D\"><br \/>\n<\/a><br \/>\n<a href=\"https:\/\/www.maschseefest.de\/wp-content\/uploads\/2024\/06\/20240731_MSF_3698-scaled.jpg\" data-elementor-open-lightbox=\"yes\" data-elementor-lightbox-slideshow=\"3b9ab24\" data-elementor-lightbox-title=\"Food-Village am Geibel\" data-e-action-hash=\"#elementor-action%3Aaction%3Dlightbox%26settings%3DeyJpZCI6NTI2NywidXJsIjoiaHR0cHM6XC9cL3d3dy5tYXNjaHNlZWZlc3QuZGVcL3dwLWNvbnRlbnRcL3VwbG9hZHNcLzIwMjRcLzA2XC8yMDI0MDczMV9NU0ZfMzY5OC1zY2FsZWQuanBnIiwic2xpZGVzaG93IjoiM2I5YWIyNCJ9\"><br \/>\n<\/a><br \/>\n<a href=\"https:\/\/www.maschseefest.de\/wp-content\/uploads\/2024\/06\/Maschseefest-Hamborger-Veermaster-\u00a9-Kevin-Muenkel-8.jpg\" data-elementor-open-lightbox=\"yes\" data-elementor-lightbox-slideshow=\"3b9ab24\" data-elementor-lightbox-title=\"Hamborger Veermaster, Maschseefest Ostufer\" data-e-action-hash=\"#elementor-action%3Aaction%3Dlightbox%26settings%3DeyJpZCI6NDI5LCJ1cmwiOiJodHRwczpcL1wvd3d3Lm1hc2Noc2VlZmVzdC5kZVwvd3AtY29udGVudFwvdXBsb2Fkc1wvMjAyNFwvMDZcL01hc2Noc2VlZmVzdC1IYW1ib3JnZXItVmVlcm1hc3Rlci1cdTAwYTktS2V2aW4tTXVlbmtlbC04LmpwZyIsInNsaWRlc2hvdyI6IjNiOWFiMjQifQ%3D%3D\"><br \/>\n<\/a><\/p>","protected":false},"excerpt":{"rendered":"<p>K\u00f6stlichkeiten aus aller Welt Internationale Gastronomie \u2013 von orientalisch \u00fcber mexikanisch, asiatisch, griechisch bis zu hanseatisch \u2013 exklusiv, exotisch, gutb\u00fcrgerlich und \u201eauf die Hand\u201c \u2013 entf\u00fchrt G\u00e4ste zu Gaumenfreuden um die Welt. Alle gastronomischen Angebote beim Maschseefest 2026 findet ihr unter maschseefest.de\/gastronomie\/. Mehr als 4.000 Sitzpl\u00e4tze, Tischreservierung ab sofort m\u00f6glich Viele Restaurants rund um den [&hellip;]<\/p>\n","protected":false},"author":4,"featured_media":7615,"comment_status":"open","ping_status":"open","sticky":false,"template":"","format":"standard","meta":{"footnotes":""},"categories":[1],"tags":[],"class_list":["post-4711","post","type-post","status-publish","format-standard","has-post-thumbnail","hentry","category-allgemein"],"_links":{"self":[{"href":"https:\/\/www.maschseefest.de\/tr\/wp-json\/wp\/v2\/posts\/4711","targetHints":{"allow":["GET"]}}],"collection":[{"href":"https:\/\/www.maschseefest.de\/tr\/wp-json\/wp\/v2\/posts"}],"about":[{"href":"https:\/\/www.maschseefest.de\/tr\/wp-json\/wp\/v2\/types\/post"}],"author":[{"embeddable":true,"href":"https:\/\/www.maschseefest.de\/tr\/wp-json\/wp\/v2\/users\/4"}],"replies":[{"embeddable":true,"href":"https:\/\/www.maschseefest.de\/tr\/wp-json\/wp\/v2\/comments?post=4711"}],"version-history":[{"count":11,"href":"https:\/\/www.maschseefest.de\/tr\/wp-json\/wp\/v2\/posts\/4711\/revisions"}],"predecessor-version":[{"id":7616,"href":"https:\/\/www.maschseefest.de\/tr\/wp-json\/wp\/v2\/posts\/4711\/revisions\/7616"}],"wp:featuredmedia":[{"embeddable":true,"href":"https:\/\/www.maschseefest.de\/tr\/wp-json\/wp\/v2\/media\/7615"}],"wp:attachment":[{"href":"https:\/\/www.maschseefest.de\/tr\/wp-json\/wp\/v2\/media?parent=4711"}],"wp:term":[{"taxonomy":"category","embeddable":true,"href":"https:\/\/www.maschseefest.de\/tr\/wp-json\/wp\/v2\/categories?post=4711"},{"taxonomy":"post_tag","embeddable":true,"href":"https:\/\/www.maschseefest.de\/tr\/wp-json\/wp\/v2\/tags?post=4711"}],"curies":[{"name":"wp","href":"https:\/\/api.w.org\/{rel}","templated":true}]}}