{"id":7654,"date":"2026-04-30T15:17:59","date_gmt":"2026-04-30T13:17:59","guid":{"rendered":"https:\/\/www.maschseefest.de\/?p=7654"},"modified":"2026-04-30T15:17:59","modified_gmt":"2026-04-30T13:17:59","slug":"jetzt-die-diesjaehrige-foodmeile-entdecken","status":"publish","type":"post","link":"https:\/\/www.maschseefest.de\/tr\/jetzt-die-diesjaehrige-foodmeile-entdecken\/","title":{"rendered":"Bu y\u0131l\u0131n g\u0131da milini \u015fimdi ke\u015ffedin!"},"content":{"rendered":"<p style=\"font-weight: 400;\">22 Temmuz 2026'da ba\u015flayacak olan Maschseefest, Hannover'in ortas\u0131ndaki g\u00f6l\u00fc 19 g\u00fcn boyunca Almanya'n\u0131n en pop\u00fcler gezinti ve e\u011flence alanlar\u0131ndan birine d\u00f6n\u00fc\u015ft\u00fcrecek. Yemek mili de art\u0131k kesinle\u015fti - ve su kenar\u0131nda mutfak \u00e7e\u015fitlili\u011fini deneyimlemek isteyen herkes i\u00e7in yeni bir ilham kayna\u011f\u0131 olacak.<\/p>\n<p style=\"font-weight: 400;\">Rudolf-von-Bennigsen-Ufer'deki kuzeydo\u011fu k\u0131y\u0131s\u0131 boyunca ve Courtyard Hotel'in alt\u0131ndaki bat\u0131 k\u0131y\u0131s\u0131nda \u00e7ok \u00e7e\u015fitli bir teklif bekleyebilirsiniz: Toplam 16 tezgah, h\u0131zl\u0131 ve basitten \u015fa\u015f\u0131rt\u0131c\u0131 derecede sofistike olana kadar \u201ehareket halindeyken\u201c yiyecek sunmaktad\u0131r.<\/p>\n<p style=\"font-weight: 400;\">Yemek mili her y\u0131l yeniden ilan edilmekte ve b\u00f6ylece d\u00fczenli olarak \u00e7e\u015fitlilik sa\u011flamaktad\u0131r. Bir \u00f6nceki y\u0131l\u0131n pop\u00fcler klasiklerine ek olarak, do\u011fu yakas\u0131ndaki d\u00f6rt yeni konsept bu y\u0131l \u00f6zel vurgular belirledi: vegan spesiyaliteleri, panini, tacos ve hareket halindeyken yemek i\u00e7in Maultaschen teklifi geni\u015fletiyor.<\/p>","protected":false},"excerpt":{"rendered":"<p>Am 22. Juli 2026 startet das Maschseefest und verwandelt den See mitten in Hannover f\u00fcr 19 Tage wieder in eine der beliebtesten Flanier- und Genussmeilen Deutschlands. Nun steht auch die Foodmeile fest \u2013 und bringt frische Impulse f\u00fcr alle, die kulinarische Vielfalt direkt am Wasser erleben m\u00f6chten. Entlang des Nordostufers am Rudolf-von-Bennigsen-Ufer sowie am Westufer [&hellip;]<\/p>\n","protected":false},"author":14,"featured_media":7426,"comment_status":"closed","ping_status":"open","sticky":false,"template":"","format":"standard","meta":{"footnotes":""},"categories":[1],"tags":[],"class_list":["post-7654","post","type-post","status-publish","format-standard","has-post-thumbnail","hentry","category-allgemein"],"_links":{"self":[{"href":"https:\/\/www.maschseefest.de\/tr\/wp-json\/wp\/v2\/posts\/7654","targetHints":{"allow":["GET"]}}],"collection":[{"href":"https:\/\/www.maschseefest.de\/tr\/wp-json\/wp\/v2\/posts"}],"about":[{"href":"https:\/\/www.maschseefest.de\/tr\/wp-json\/wp\/v2\/types\/post"}],"author":[{"embeddable":true,"href":"https:\/\/www.maschseefest.de\/tr\/wp-json\/wp\/v2\/users\/14"}],"replies":[{"embeddable":true,"href":"https:\/\/www.maschseefest.de\/tr\/wp-json\/wp\/v2\/comments?post=7654"}],"version-history":[{"count":2,"href":"https:\/\/www.maschseefest.de\/tr\/wp-json\/wp\/v2\/posts\/7654\/revisions"}],"predecessor-version":[{"id":7656,"href":"https:\/\/www.maschseefest.de\/tr\/wp-json\/wp\/v2\/posts\/7654\/revisions\/7656"}],"wp:featuredmedia":[{"embeddable":true,"href":"https:\/\/www.maschseefest.de\/tr\/wp-json\/wp\/v2\/media\/7426"}],"wp:attachment":[{"href":"https:\/\/www.maschseefest.de\/tr\/wp-json\/wp\/v2\/media?parent=7654"}],"wp:term":[{"taxonomy":"category","embeddable":true,"href":"https:\/\/www.maschseefest.de\/tr\/wp-json\/wp\/v2\/categories?post=7654"},{"taxonomy":"post_tag","embeddable":true,"href":"https:\/\/www.maschseefest.de\/tr\/wp-json\/wp\/v2\/tags?post=7654"}],"curies":[{"name":"wp","href":"https:\/\/api.w.org\/{rel}","templated":true}]}}